{"id":23433,"date":"2022-09-15T11:06:18","date_gmt":"2022-09-15T08:06:18","guid":{"rendered":"https:\/\/yesti.ctemplate.com\/avrupa-jeosentetik-fuari-eurogeo7ye-davetli-olarak-katilim-sagladik\/"},"modified":"2022-09-15T11:06:18","modified_gmt":"2022-09-15T08:06:18","slug":"we-participated-as-an-invitee-in-the-7th-european-geosynthetics-conference-eurogeo-7","status":"publish","type":"post","link":"https:\/\/yesti.ctemplate.com\/en\/avrupa-jeosentetik-fuari-eurogeo7ye-davetli-olarak-katilim-sagladik\/","title":{"rendered":"We Participated as an Invitee in the 7th European Geosynthetics Conference \u201cEurogeo 7\u201d"},"content":{"rendered":"<p>As Yesti Group, supplying and installing geosynthetic products, we participated as an invitee in the 7th European Geosynthetics Conference \u201cEurogeo 7\u201d held in Warsaw, Poland.<\/p>\n<p>As Yesti Group, which has succeeded in establishing long-term relationships with its customers, we came together with the leading companies of the industry at the fair and had the opportunity to meet potential business partners.<\/p>\n<p>As Yesti Group, closely following the pulse of the industry, we will continue to provide quality service to our customers across three continents.<\/p>\n\n\t\t<style>\n\t\t\t#gallery-1 {\n\t\t\t\tmargin: auto;\n\t\t\t}\n\t\t\t#gallery-1 .gallery-item {\n\t\t\t\tfloat: left;\n\t\t\t\tmargin-top: 10px;\n\t\t\t\ttext-align: center;\n\t\t\t\twidth: 33%;\n\t\t\t}\n\t\t\t#gallery-1 img {\n\t\t\t\tborder: 2px solid #cfcfcf;\n\t\t\t}\n\t\t\t#gallery-1 .gallery-caption {\n\t\t\t\tmargin-left: 0;\n\t\t\t}\n\t\t\t\/* see gallery_shortcode() in wp-includes\/media.php *\/\n\t\t<\/style>\n\t\t<div id='gallery-1' class='gallery galleryid-23433 gallery-columns-3 gallery-size-large'><dl class='gallery-item'>\n\t\t\t<dt class='gallery-icon landscape'>\n\t\t\t\t<a href='https:\/\/yesti.ctemplate.com\/wp-content\/uploads\/2022\/09\/WhatsApp-Image-2022-09-06-at-19.16.10-copy.jpeg'><img decoding=\"async\" width=\"958\" height=\"776\" src=\"https:\/\/yesti.ctemplate.com\/wp-content\/uploads\/2022\/09\/WhatsApp-Image-2022-09-06-at-19.16.10-copy.jpeg\" class=\"attachment-large size-large\" alt=\"\" srcset=\"https:\/\/yesti.ctemplate.com\/wp-content\/uploads\/2022\/09\/WhatsApp-Image-2022-09-06-at-19.16.10-copy.jpeg 958w, https:\/\/yesti.ctemplate.com\/wp-content\/uploads\/2022\/09\/WhatsApp-Image-2022-09-06-at-19.16.10-copy-300x243.jpeg 300w, https:\/\/yesti.ctemplate.com\/wp-content\/uploads\/2022\/09\/WhatsApp-Image-2022-09-06-at-19.16.10-copy-768x622.jpeg 768w, https:\/\/yesti.ctemplate.com\/wp-content\/uploads\/2022\/09\/WhatsApp-Image-2022-09-06-at-19.16.10-copy-877x710.jpeg 877w\" sizes=\"(max-width: 958px) 100vw, 958px\" \/><\/a>\n\t\t\t<\/dt><\/dl><dl class='gallery-item'>\n\t\t\t<dt class='gallery-icon portrait'>\n\t\t\t\t<a href='https:\/\/yesti.ctemplate.com\/wp-content\/uploads\/2022\/09\/WhatsApp-Image-2022-09-15-at-11.00.12.jpeg'><img decoding=\"async\" width=\"768\" height=\"1024\" src=\"https:\/\/yesti.ctemplate.com\/wp-content\/uploads\/2022\/09\/WhatsApp-Image-2022-09-15-at-11.00.12-768x1024.jpeg\" class=\"attachment-large size-large\" alt=\"\" srcset=\"https:\/\/yesti.ctemplate.com\/wp-content\/uploads\/2022\/09\/WhatsApp-Image-2022-09-15-at-11.00.12-768x1024.jpeg 768w, https:\/\/yesti.ctemplate.com\/wp-content\/uploads\/2022\/09\/WhatsApp-Image-2022-09-15-at-11.00.12-225x300.jpeg 225w, https:\/\/yesti.ctemplate.com\/wp-content\/uploads\/2022\/09\/WhatsApp-Image-2022-09-15-at-11.00.12-1152x1536.jpeg 1152w, https:\/\/yesti.ctemplate.com\/wp-content\/uploads\/2022\/09\/WhatsApp-Image-2022-09-15-at-11.00.12-533x710.jpeg 533w, https:\/\/yesti.ctemplate.com\/wp-content\/uploads\/2022\/09\/WhatsApp-Image-2022-09-15-at-11.00.12.jpeg 1200w\" sizes=\"(max-width: 768px) 100vw, 768px\" \/><\/a>\n\t\t\t<\/dt><\/dl>\n\t\t\t<br style='clear: both' \/>\n\t\t<\/div>","protected":false},"excerpt":{"rendered":"<p>Jeosentetik \u00fcr\u00fcnleri tedarik eden ve uygulayan Yesti Group olarak, Polonya\u2019n\u0131n Var\u015fova kentinde ger\u00e7ekle\u015fen 7. Avrupa Jeosentetik Fuar\u0131 \u201cEurogeo 7\u2033ye davetli olarak kat\u0131l\u0131m sa\u011flad\u0131k. M\u00fc\u015fterileriyle uzun s\u00fcreli ili\u015fkiler tesis etmeyi ba\u015farm\u0131\u015f\u00a0Yesti Group olarak, fuarda sekt\u00f6r\u00fcn \u00f6nde gelen firmalar\u0131yla bir araya geldik\u2026<\/p>","protected":false},"author":1,"featured_media":23431,"comment_status":"open","ping_status":"open","sticky":false,"template":"","format":"standard","meta":{"footnotes":""},"categories":[90],"tags":[],"class_list":["post-23433","post","type-post","status-publish","format-standard","has-post-thumbnail","hentry","category-haberler"],"_links":{"self":[{"href":"https:\/\/yesti.ctemplate.com\/en\/wp-json\/wp\/v2\/posts\/23433","targetHints":{"allow":["GET"]}}],"collection":[{"href":"https:\/\/yesti.ctemplate.com\/en\/wp-json\/wp\/v2\/posts"}],"about":[{"href":"https:\/\/yesti.ctemplate.com\/en\/wp-json\/wp\/v2\/types\/post"}],"author":[{"embeddable":true,"href":"https:\/\/yesti.ctemplate.com\/en\/wp-json\/wp\/v2\/users\/1"}],"replies":[{"embeddable":true,"href":"https:\/\/yesti.ctemplate.com\/en\/wp-json\/wp\/v2\/comments?post=23433"}],"version-history":[{"count":0,"href":"https:\/\/yesti.ctemplate.com\/en\/wp-json\/wp\/v2\/posts\/23433\/revisions"}],"wp:featuredmedia":[{"embeddable":true,"href":"https:\/\/yesti.ctemplate.com\/en\/wp-json\/wp\/v2\/media\/23431"}],"wp:attachment":[{"href":"https:\/\/yesti.ctemplate.com\/en\/wp-json\/wp\/v2\/media?parent=23433"}],"wp:term":[{"taxonomy":"category","embeddable":true,"href":"https:\/\/yesti.ctemplate.com\/en\/wp-json\/wp\/v2\/categories?post=23433"},{"taxonomy":"post_tag","embeddable":true,"href":"https:\/\/yesti.ctemplate.com\/en\/wp-json\/wp\/v2\/tags?post=23433"}],"curies":[{"name":"wp","href":"https:\/\/api.w.org\/{rel}","templated":true}]}}