{"id":23402,"date":"2018-12-28T10:00:00","date_gmt":"2018-12-28T07:00:00","guid":{"rendered":"https:\/\/yesti.ctemplate.com\/2019a-merhaba-yemegi\/"},"modified":"2026-08-07T02:48:07","modified_gmt":"2026-08-06T23:48:07","slug":"hello-2019-dinner","status":"publish","type":"post","link":"https:\/\/yesti.ctemplate.com\/en\/2019a-merhaba-yemegi\/","title":{"rendered":"Hello 2019 Dinner"},"content":{"rendered":"<p>As Yesti Group, on December 28, 2018, we held a hello to the new year dinner for our employees in the province of U\u015fak, where our main site is located. We spent a wonderful evening in a warm family atmosphere, full of pleasant conversations and joy with all our personnel, especially our General Manager, Mr. Cem PEKEL, who attended our dinner.<\/p>\n<p>Making new year wishes at the beginning of the dinner, Mr. Cem PEKEL ended his speech with these words; \u201dI wish you a healthy, peaceful, happy, and successful year, first with your family and loved ones, and then with our Yesti family, which grows a little more every day with the efforts of each of us, Happy New Year!\u201d<\/p>\n<p>We would like to thank Mr. Cem PEKEL and our esteemed colleagues who gave us the opportunity to organize this meaningful and beautiful night and attended our new year dinner.<\/p>\n<p>Happy New Year!<\/p>\n\n\t\t<style>\n\t\t\t#gallery-1 {\n\t\t\t\tmargin: auto;\n\t\t\t}\n\t\t\t#gallery-1 .gallery-item {\n\t\t\t\tfloat: left;\n\t\t\t\tmargin-top: 10px;\n\t\t\t\ttext-align: center;\n\t\t\t\twidth: 33%;\n\t\t\t}\n\t\t\t#gallery-1 img {\n\t\t\t\tborder: 2px solid #cfcfcf;\n\t\t\t}\n\t\t\t#gallery-1 .gallery-caption {\n\t\t\t\tmargin-left: 0;\n\t\t\t}\n\t\t\t\/* see gallery_shortcode() in wp-includes\/media.php *\/\n\t\t<\/style>\n\t\t<div id='gallery-1' class='gallery galleryid-23402 gallery-columns-3 gallery-size-large'><dl class='gallery-item'>\n\t\t\t<dt class='gallery-icon landscape'>\n\t\t\t\t<a href='https:\/\/yesti.ctemplate.com\/wp-content\/uploads\/2021\/06\/9c23ddb.jpg'><img decoding=\"async\" width=\"1024\" height=\"768\" src=\"https:\/\/yesti.ctemplate.com\/wp-content\/uploads\/2021\/06\/9c23ddb-1024x768.jpg\" class=\"attachment-large size-large\" alt=\"\" srcset=\"https:\/\/yesti.ctemplate.com\/wp-content\/uploads\/2021\/06\/9c23ddb-1024x768.jpg 1024w, https:\/\/yesti.ctemplate.com\/wp-content\/uploads\/2021\/06\/9c23ddb-300x225.jpg 300w, https:\/\/yesti.ctemplate.com\/wp-content\/uploads\/2021\/06\/9c23ddb-768x576.jpg 768w, https:\/\/yesti.ctemplate.com\/wp-content\/uploads\/2021\/06\/9c23ddb-1536x1152.jpg 1536w, https:\/\/yesti.ctemplate.com\/wp-content\/uploads\/2021\/06\/9c23ddb-947x710.jpg 947w, https:\/\/yesti.ctemplate.com\/wp-content\/uploads\/2021\/06\/9c23ddb.jpg 1600w\" sizes=\"(max-width: 1024px) 100vw, 1024px\" \/><\/a>\n\t\t\t<\/dt><\/dl><dl class='gallery-item'>\n\t\t\t<dt class='gallery-icon landscape'>\n\t\t\t\t<a href='https:\/\/yesti.ctemplate.com\/wp-content\/uploads\/2021\/06\/haber_5ca49b5cdd876_2019-a-merhaba-yemegi.jpg'><img decoding=\"async\" width=\"1024\" height=\"385\" src=\"https:\/\/yesti.ctemplate.com\/wp-content\/uploads\/2021\/06\/haber_5ca49b5cdd876_2019-a-merhaba-yemegi-1024x385.jpg\" class=\"attachment-large size-large\" alt=\"\" srcset=\"https:\/\/yesti.ctemplate.com\/wp-content\/uploads\/2021\/06\/haber_5ca49b5cdd876_2019-a-merhaba-yemegi-1024x385.jpg 1024w, https:\/\/yesti.ctemplate.com\/wp-content\/uploads\/2021\/06\/haber_5ca49b5cdd876_2019-a-merhaba-yemegi-300x113.jpg 300w, https:\/\/yesti.ctemplate.com\/wp-content\/uploads\/2021\/06\/haber_5ca49b5cdd876_2019-a-merhaba-yemegi-768x289.jpg 768w, https:\/\/yesti.ctemplate.com\/wp-content\/uploads\/2021\/06\/haber_5ca49b5cdd876_2019-a-merhaba-yemegi.jpg 1170w\" sizes=\"(max-width: 1024px) 100vw, 1024px\" \/><\/a>\n\t\t\t<\/dt><\/dl>\n\t\t\t<br style='clear: both' \/>\n\t\t<\/div>","protected":false},"excerpt":{"rendered":"<p>Yesti Group olarak \u00e7al\u0131\u015fanlar\u0131m\u0131z i\u00e7in, 28 Aral\u0131k 2018 tarihinde, ana \u015fantiyemizin yer ald\u0131\u011f\u0131 U\u015fak ilinde yeni y\u0131la merhaba yeme\u011fini ger\u00e7ekle\u015ftirdik. Yeme\u011fimize kat\u0131lan ba\u015fta Genel M\u00fcd\u00fcr\u00fcm\u00fcz Say\u0131n Cem PEKEL olmak \u00fczere b\u00fct\u00fcn personelimizle bol sohbetli ve ne\u015feli, s\u0131cak bir aile ortam\u0131nda\u2026<\/p>","protected":false},"author":1,"featured_media":23400,"comment_status":"open","ping_status":"open","sticky":false,"template":"","format":"standard","meta":{"footnotes":""},"categories":[90],"tags":[],"class_list":["post-23402","post","type-post","status-publish","format-standard","has-post-thumbnail","hentry","category-haberler"],"_links":{"self":[{"href":"https:\/\/yesti.ctemplate.com\/en\/wp-json\/wp\/v2\/posts\/23402","targetHints":{"allow":["GET"]}}],"collection":[{"href":"https:\/\/yesti.ctemplate.com\/en\/wp-json\/wp\/v2\/posts"}],"about":[{"href":"https:\/\/yesti.ctemplate.com\/en\/wp-json\/wp\/v2\/types\/post"}],"author":[{"embeddable":true,"href":"https:\/\/yesti.ctemplate.com\/en\/wp-json\/wp\/v2\/users\/1"}],"replies":[{"embeddable":true,"href":"https:\/\/yesti.ctemplate.com\/en\/wp-json\/wp\/v2\/comments?post=23402"}],"version-history":[{"count":1,"href":"https:\/\/yesti.ctemplate.com\/en\/wp-json\/wp\/v2\/posts\/23402\/revisions"}],"predecessor-version":[{"id":24343,"href":"https:\/\/yesti.ctemplate.com\/en\/wp-json\/wp\/v2\/posts\/23402\/revisions\/24343"}],"wp:featuredmedia":[{"embeddable":true,"href":"https:\/\/yesti.ctemplate.com\/en\/wp-json\/wp\/v2\/media\/23400"}],"wp:attachment":[{"href":"https:\/\/yesti.ctemplate.com\/en\/wp-json\/wp\/v2\/media?parent=23402"}],"wp:term":[{"taxonomy":"category","embeddable":true,"href":"https:\/\/yesti.ctemplate.com\/en\/wp-json\/wp\/v2\/categories?post=23402"},{"taxonomy":"post_tag","embeddable":true,"href":"https:\/\/yesti.ctemplate.com\/en\/wp-json\/wp\/v2\/tags?post=23402"}],"curies":[{"name":"wp","href":"https:\/\/api.w.org\/{rel}","templated":true}]}}