{"id":23399,"date":"2018-12-16T10:00:00","date_gmt":"2018-12-16T07:00:00","guid":{"rendered":"https:\/\/yesti.ctemplate.com\/2018-tuyap-maden-fuarinda-yerimizi-aldik\/"},"modified":"2026-08-07T02:48:07","modified_gmt":"2026-08-06T23:48:07","slug":"we-took-our-place-at-the-2018-tuyap-mining-fair","status":"publish","type":"post","link":"https:\/\/yesti.ctemplate.com\/en\/2018-tuyap-maden-fuarinda-yerimizi-aldik\/","title":{"rendered":"We Took Our Place at the 2018 T\u00fcyap Mining Fair"},"content":{"rendered":"<p>Organized by T\u00fcyap T\u00fcm Fuarc\u0131l\u0131k Yap\u0131m A.\u015e. in cooperation with the Foundation for the Development of Mining in Turkey, the Mining Turkey 2018 8th International Mining, Tunnel Construction, Machinery Equipment, and Construction Machinery Fair brought together all industry professionals for the 8th time between December 13-16, 2018.<\/p>\n<p>As Yesti Group, we participated in the fair, opened our booth, provided information to our visitors on geosynthetics, construction, and prefabricated structures, and answered their questions. By coming together with leading companies of the industry from home and abroad, we exchanged ideas regarding the past, present, and future of the mining sector. We would like to express our gratitude to the Mining Turkey Fair team, which has made a significant contribution to the national economy since 2004, enabled the mining industry to come together and make its voice heard, and provided an environment for the development of the sector's international commercial activities.<\/p>\n\n\t\t<style>\n\t\t\t#gallery-1 {\n\t\t\t\tmargin: auto;\n\t\t\t}\n\t\t\t#gallery-1 .gallery-item {\n\t\t\t\tfloat: left;\n\t\t\t\tmargin-top: 10px;\n\t\t\t\ttext-align: center;\n\t\t\t\twidth: 33%;\n\t\t\t}\n\t\t\t#gallery-1 img {\n\t\t\t\tborder: 2px solid #cfcfcf;\n\t\t\t}\n\t\t\t#gallery-1 .gallery-caption {\n\t\t\t\tmargin-left: 0;\n\t\t\t}\n\t\t\t\/* see gallery_shortcode() in wp-includes\/media.php *\/\n\t\t<\/style>\n\t\t<div id='gallery-1' class='gallery galleryid-23399 gallery-columns-3 gallery-size-large'><dl class='gallery-item'>\n\t\t\t<dt class='gallery-icon landscape'>\n\t\t\t\t<a href='https:\/\/yesti.ctemplate.com\/wp-content\/uploads\/2021\/06\/7fecb31.jpg'><img decoding=\"async\" width=\"1024\" height=\"768\" src=\"https:\/\/yesti.ctemplate.com\/wp-content\/uploads\/2021\/06\/7fecb31-1024x768.jpg\" class=\"attachment-large size-large\" alt=\"\" srcset=\"https:\/\/yesti.ctemplate.com\/wp-content\/uploads\/2021\/06\/7fecb31-1024x768.jpg 1024w, https:\/\/yesti.ctemplate.com\/wp-content\/uploads\/2021\/06\/7fecb31-300x225.jpg 300w, https:\/\/yesti.ctemplate.com\/wp-content\/uploads\/2021\/06\/7fecb31-768x576.jpg 768w, https:\/\/yesti.ctemplate.com\/wp-content\/uploads\/2021\/06\/7fecb31-1536x1153.jpg 1536w, https:\/\/yesti.ctemplate.com\/wp-content\/uploads\/2021\/06\/7fecb31-946x710.jpg 946w, https:\/\/yesti.ctemplate.com\/wp-content\/uploads\/2021\/06\/7fecb31.jpg 1599w\" sizes=\"(max-width: 1024px) 100vw, 1024px\" \/><\/a>\n\t\t\t<\/dt><\/dl><dl class='gallery-item'>\n\t\t\t<dt class='gallery-icon landscape'>\n\t\t\t\t<a href='https:\/\/yesti.ctemplate.com\/wp-content\/uploads\/2021\/06\/haber_5ca34fa1b0c01_2018-tuyap-maden-fuari-nda-biz-de-yerimizi-aldik.jpg'><img decoding=\"async\" width=\"1024\" height=\"385\" src=\"https:\/\/yesti.ctemplate.com\/wp-content\/uploads\/2021\/06\/haber_5ca34fa1b0c01_2018-tuyap-maden-fuari-nda-biz-de-yerimizi-aldik-1024x385.jpg\" class=\"attachment-large size-large\" alt=\"\" srcset=\"https:\/\/yesti.ctemplate.com\/wp-content\/uploads\/2021\/06\/haber_5ca34fa1b0c01_2018-tuyap-maden-fuari-nda-biz-de-yerimizi-aldik-1024x385.jpg 1024w, https:\/\/yesti.ctemplate.com\/wp-content\/uploads\/2021\/06\/haber_5ca34fa1b0c01_2018-tuyap-maden-fuari-nda-biz-de-yerimizi-aldik-300x113.jpg 300w, https:\/\/yesti.ctemplate.com\/wp-content\/uploads\/2021\/06\/haber_5ca34fa1b0c01_2018-tuyap-maden-fuari-nda-biz-de-yerimizi-aldik-768x289.jpg 768w, https:\/\/yesti.ctemplate.com\/wp-content\/uploads\/2021\/06\/haber_5ca34fa1b0c01_2018-tuyap-maden-fuari-nda-biz-de-yerimizi-aldik.jpg 1170w\" sizes=\"(max-width: 1024px) 100vw, 1024px\" \/><\/a>\n\t\t\t<\/dt><\/dl><dl class='gallery-item'>\n\t\t\t<dt class='gallery-icon landscape'>\n\t\t\t\t<a href='https:\/\/yesti.ctemplate.com\/wp-content\/uploads\/2021\/06\/4917930.jpg'><img decoding=\"async\" width=\"1024\" height=\"768\" src=\"https:\/\/yesti.ctemplate.com\/wp-content\/uploads\/2021\/06\/4917930-1024x768.jpg\" class=\"attachment-large size-large\" alt=\"\" srcset=\"https:\/\/yesti.ctemplate.com\/wp-content\/uploads\/2021\/06\/4917930-1024x768.jpg 1024w, https:\/\/yesti.ctemplate.com\/wp-content\/uploads\/2021\/06\/4917930-300x225.jpg 300w, https:\/\/yesti.ctemplate.com\/wp-content\/uploads\/2021\/06\/4917930-768x576.jpg 768w, https:\/\/yesti.ctemplate.com\/wp-content\/uploads\/2021\/06\/4917930-1536x1153.jpg 1536w, https:\/\/yesti.ctemplate.com\/wp-content\/uploads\/2021\/06\/4917930-946x710.jpg 946w, https:\/\/yesti.ctemplate.com\/wp-content\/uploads\/2021\/06\/4917930.jpg 1599w\" sizes=\"(max-width: 1024px) 100vw, 1024px\" \/><\/a>\n\t\t\t<\/dt><\/dl><br style=\"clear: both\" \/>\n\t\t<\/div>","protected":false},"excerpt":{"rendered":"<p>T\u00fcyap T\u00fcm Fuarc\u0131l\u0131k Yap\u0131m A.\u015e. taraf\u0131ndan, Yurt Madencili\u011fini Geli\u015ftirme Vakf\u0131 i\u015f birli\u011fi ile d\u00fczenlenen Maden T\u00fcrkiye 2018 8. Uluslararas\u0131 Madencilik, T\u00fcnel \u0130n\u015fa, Makine Ekipmanlar\u0131 ve \u0130\u015f Makineleri Fuar\u0131, 13-16 Aral\u0131k 2018 tarihleri aras\u0131nda t\u00fcm sekt\u00f6r profesyonellerini 8. kez bir araya\u2026<\/p>","protected":false},"author":1,"featured_media":23398,"comment_status":"open","ping_status":"open","sticky":false,"template":"","format":"standard","meta":{"footnotes":""},"categories":[90],"tags":[],"class_list":["post-23399","post","type-post","status-publish","format-standard","has-post-thumbnail","hentry","category-haberler"],"_links":{"self":[{"href":"https:\/\/yesti.ctemplate.com\/en\/wp-json\/wp\/v2\/posts\/23399","targetHints":{"allow":["GET"]}}],"collection":[{"href":"https:\/\/yesti.ctemplate.com\/en\/wp-json\/wp\/v2\/posts"}],"about":[{"href":"https:\/\/yesti.ctemplate.com\/en\/wp-json\/wp\/v2\/types\/post"}],"author":[{"embeddable":true,"href":"https:\/\/yesti.ctemplate.com\/en\/wp-json\/wp\/v2\/users\/1"}],"replies":[{"embeddable":true,"href":"https:\/\/yesti.ctemplate.com\/en\/wp-json\/wp\/v2\/comments?post=23399"}],"version-history":[{"count":1,"href":"https:\/\/yesti.ctemplate.com\/en\/wp-json\/wp\/v2\/posts\/23399\/revisions"}],"predecessor-version":[{"id":24342,"href":"https:\/\/yesti.ctemplate.com\/en\/wp-json\/wp\/v2\/posts\/23399\/revisions\/24342"}],"wp:featuredmedia":[{"embeddable":true,"href":"https:\/\/yesti.ctemplate.com\/en\/wp-json\/wp\/v2\/media\/23398"}],"wp:attachment":[{"href":"https:\/\/yesti.ctemplate.com\/en\/wp-json\/wp\/v2\/media?parent=23399"}],"wp:term":[{"taxonomy":"category","embeddable":true,"href":"https:\/\/yesti.ctemplate.com\/en\/wp-json\/wp\/v2\/categories?post=23399"},{"taxonomy":"post_tag","embeddable":true,"href":"https:\/\/yesti.ctemplate.com\/en\/wp-json\/wp\/v2\/tags?post=23399"}],"curies":[{"name":"wp","href":"https:\/\/api.w.org\/{rel}","templated":true}]}}